{"id":1632,"date":"2022-09-20T15:49:10","date_gmt":"2022-09-20T13:49:10","guid":{"rendered":"http:\/\/sp84.poznan.pl\/?p=1632"},"modified":"2022-09-20T15:49:10","modified_gmt":"2022-09-20T13:49:10","slug":"jesienny-festyn","status":"publish","type":"post","link":"https:\/\/sp84.poznan.pl\/index.php\/2022\/09\/20\/jesienny-festyn\/","title":{"rendered":"Jesienny Festyn"},"content":{"rendered":"\n<p><\/p>\n\n\n\n<p>Szko\u0142a Podstawowa nr 84 oraz Rada Osiedla Zielony D\u0119biec zapraszaj\u0105 na Festyn Osiedlowy \u201e Jesienny Zawr\u00f3t G\u0142owy\u201d, kt\u00f3ry odb\u0119dzie si\u0119 w sobot\u0119, dnia 1 pa\u017adziernika br. w godzinach 10.00-12.00<br>W programie mn\u00f3stwo atrakcji m.in animacje dla dzieci, dmuchany plac zabaw, gry i zabawy harcerskie, owocowo &#8211; warzywne stoiska przygotowane przez uczni\u00f3w oraz rodzic\u00f3w, znakowanie rower\u00f3w, fotobudka oraz wiele innych..<\/p>\n\n\n\n<p>Og\u0142aszamy tak\u017ce konkurs na najciekawszy Jesienny Kapelusz &#8211; zadaniem jest wykonanie oryginalnego nakrycia g\u0142owy z naturalnych surowc\u00f3w.<\/p>\n\n\n\n<p>Serdecznie zapraszamy mieszka\u0144c\u00f3w D\u0119bca do wsp\u00f3lnej zabawy !<\/p>\n\n\n\n<figure class=\"wp-block-image size-large is-resized\"><img fetchpriority=\"high\" decoding=\"async\" src=\"http:\/\/sp84.poznan.pl\/wp-content\/uploads\/2022\/09\/2103CB01-1B04-4005-AEE9-DA39B81A0EEE-733x1024.jpeg\" alt=\"\" class=\"wp-image-1633\" width=\"473\" height=\"660\" srcset=\"https:\/\/sp84.poznan.pl\/wp-content\/uploads\/2022\/09\/2103CB01-1B04-4005-AEE9-DA39B81A0EEE-733x1024.jpeg 733w, https:\/\/sp84.poznan.pl\/wp-content\/uploads\/2022\/09\/2103CB01-1B04-4005-AEE9-DA39B81A0EEE-215x300.jpeg 215w, https:\/\/sp84.poznan.pl\/wp-content\/uploads\/2022\/09\/2103CB01-1B04-4005-AEE9-DA39B81A0EEE-768x1074.jpeg 768w, https:\/\/sp84.poznan.pl\/wp-content\/uploads\/2022\/09\/2103CB01-1B04-4005-AEE9-DA39B81A0EEE.jpeg 1091w\" sizes=\"(max-width: 473px) 100vw, 473px\" \/><\/figure>\n","protected":false},"excerpt":{"rendered":"<p>Szko\u0142a Podstawowa nr 84 oraz Rada Osiedla Zielony D\u0119biec zapraszaj\u0105 na Festyn Osiedlowy \u201e Jesienny Zawr\u00f3t G\u0142owy\u201d, kt\u00f3ry odb\u0119dzie si\u0119 w sobot\u0119, dnia 1 pa\u017adziernika br. w godzinach 10.00-12.00W programie mn\u00f3stwo atrakcji m.in animacje dla dzieci, dmuchany plac zabaw, gry i zabawy harcerskie, owocowo &#8211; warzywne stoiska przygotowane przez uczni\u00f3w oraz rodzic\u00f3w, znakowanie rower\u00f3w, fotobudka [&hellip;]<\/p>\n","protected":false},"author":4,"featured_media":0,"comment_status":"open","ping_status":"open","sticky":false,"template":"","format":"standard","meta":{"footnotes":""},"categories":[1],"tags":[],"class_list":["post-1632","post","type-post","status-publish","format-standard","hentry","category-bez-kategorii"],"gutentor_comment":0,"_links":{"self":[{"href":"https:\/\/sp84.poznan.pl\/index.php\/wp-json\/wp\/v2\/posts\/1632","targetHints":{"allow":["GET"]}}],"collection":[{"href":"https:\/\/sp84.poznan.pl\/index.php\/wp-json\/wp\/v2\/posts"}],"about":[{"href":"https:\/\/sp84.poznan.pl\/index.php\/wp-json\/wp\/v2\/types\/post"}],"author":[{"embeddable":true,"href":"https:\/\/sp84.poznan.pl\/index.php\/wp-json\/wp\/v2\/users\/4"}],"replies":[{"embeddable":true,"href":"https:\/\/sp84.poznan.pl\/index.php\/wp-json\/wp\/v2\/comments?post=1632"}],"version-history":[{"count":1,"href":"https:\/\/sp84.poznan.pl\/index.php\/wp-json\/wp\/v2\/posts\/1632\/revisions"}],"predecessor-version":[{"id":1634,"href":"https:\/\/sp84.poznan.pl\/index.php\/wp-json\/wp\/v2\/posts\/1632\/revisions\/1634"}],"wp:attachment":[{"href":"https:\/\/sp84.poznan.pl\/index.php\/wp-json\/wp\/v2\/media?parent=1632"}],"wp:term":[{"taxonomy":"category","embeddable":true,"href":"https:\/\/sp84.poznan.pl\/index.php\/wp-json\/wp\/v2\/categories?post=1632"},{"taxonomy":"post_tag","embeddable":true,"href":"https:\/\/sp84.poznan.pl\/index.php\/wp-json\/wp\/v2\/tags?post=1632"}],"curies":[{"name":"wp","href":"https:\/\/api.w.org\/{rel}","templated":true}]}}