{"id":5650,"date":"2026-01-12T20:16:13","date_gmt":"2026-01-12T19:16:13","guid":{"rendered":"https:\/\/sp84.poznan.pl\/?p=5650"},"modified":"2026-01-12T20:16:13","modified_gmt":"2026-01-12T19:16:13","slug":"wspolne-koledowanie-w-katedrze-poznanskiej","status":"publish","type":"post","link":"https:\/\/sp84.poznan.pl\/index.php\/2026\/01\/12\/wspolne-koledowanie-w-katedrze-poznanskiej\/","title":{"rendered":"Wsp\u00f3lne kol\u0119dowanie w Katedrze Pozna\u0144skiej"},"content":{"rendered":"\n<p>Ju\u017c po raz trzydziesty fla\u017coleci\u015bci z ca\u0142ej Polski spotkali si\u0119 na wsp\u00f3lnym kol\u0119dowaniu w Katedrze Pozna\u0144skiej. Cieszymy si\u0119, \u017ce r\u00f3wnie\u017c w tym roku nasi uczniowie z klas 2c, 3a i 3b mogli by\u0107 cz\u0119\u015bci\u0105 tego niezwyk\u0142ego wydarzenia. Mimo mro\u017anej aury wizyta w murach najstarszej polskiej katedry rozgrza\u0142a nasze serca i zach\u0119ci\u0142a do dalszego rozwijania zdolno\u015bci muzycznych.<\/p>\n\n\n\n<div class=\"wp-block-columns is-layout-flex wp-container-core-columns-is-layout-9d6595d7 wp-block-columns-is-layout-flex\">\n<div class=\"wp-block-column is-layout-flow wp-block-column-is-layout-flow\">\n<figure class=\"wp-block-image size-large\"><img fetchpriority=\"high\" decoding=\"async\" width=\"1024\" height=\"768\" src=\"https:\/\/sp84.poznan.pl\/wp-content\/uploads\/2026\/01\/1000033715-1024x768.jpg\" alt=\"Zdj\u0119cie uczni\u00f3w na tle mostu w Poznaniu.\" class=\"wp-image-5651\" srcset=\"https:\/\/sp84.poznan.pl\/wp-content\/uploads\/2026\/01\/1000033715-1024x768.jpg 1024w, https:\/\/sp84.poznan.pl\/wp-content\/uploads\/2026\/01\/1000033715-300x225.jpg 300w, https:\/\/sp84.poznan.pl\/wp-content\/uploads\/2026\/01\/1000033715-768x576.jpg 768w, https:\/\/sp84.poznan.pl\/wp-content\/uploads\/2026\/01\/1000033715-1536x1152.jpg 1536w, https:\/\/sp84.poznan.pl\/wp-content\/uploads\/2026\/01\/1000033715.jpg 2048w\" sizes=\"(max-width: 1024px) 100vw, 1024px\" \/><\/figure>\n<\/div>\n\n\n\n<div class=\"wp-block-column is-layout-flow wp-block-column-is-layout-flow\">\n<figure class=\"wp-block-image size-large\"><img decoding=\"async\" width=\"1024\" height=\"768\" src=\"https:\/\/sp84.poznan.pl\/wp-content\/uploads\/2026\/01\/1000033716-1024x768.jpg\" alt=\"Uczniowie siedz\u0105cy w Katedrze Pozna\u0144skiej i czekaj\u0105cy na wsp\u00f3lne kol\u0119dowanie.\" class=\"wp-image-5652\" srcset=\"https:\/\/sp84.poznan.pl\/wp-content\/uploads\/2026\/01\/1000033716-1024x768.jpg 1024w, https:\/\/sp84.poznan.pl\/wp-content\/uploads\/2026\/01\/1000033716-300x225.jpg 300w, https:\/\/sp84.poznan.pl\/wp-content\/uploads\/2026\/01\/1000033716-768x576.jpg 768w, https:\/\/sp84.poznan.pl\/wp-content\/uploads\/2026\/01\/1000033716-1536x1152.jpg 1536w, https:\/\/sp84.poznan.pl\/wp-content\/uploads\/2026\/01\/1000033716.jpg 2048w\" sizes=\"(max-width: 1024px) 100vw, 1024px\" \/><\/figure>\n<\/div>\n<\/div>\n","protected":false},"excerpt":{"rendered":"<p>Ju\u017c po raz trzydziesty fla\u017coleci\u015bci z ca\u0142ej Polski spotkali si\u0119 na wsp\u00f3lnym kol\u0119dowaniu w Katedrze Pozna\u0144skiej. Cieszymy si\u0119, \u017ce r\u00f3wnie\u017c w tym roku nasi uczniowie z klas 2c, 3a i 3b mogli by\u0107 cz\u0119\u015bci\u0105 tego niezwyk\u0142ego wydarzenia. Mimo mro\u017anej aury wizyta w murach najstarszej polskiej katedry rozgrza\u0142a nasze serca i zach\u0119ci\u0142a do dalszego rozwijania zdolno\u015bci [&hellip;]<\/p>\n","protected":false},"author":10,"featured_media":5651,"comment_status":"open","ping_status":"open","sticky":false,"template":"","format":"standard","meta":{"footnotes":""},"categories":[1],"tags":[],"class_list":["post-5650","post","type-post","status-publish","format-standard","has-post-thumbnail","hentry","category-bez-kategorii"],"gutentor_comment":1,"_links":{"self":[{"href":"https:\/\/sp84.poznan.pl\/index.php\/wp-json\/wp\/v2\/posts\/5650","targetHints":{"allow":["GET"]}}],"collection":[{"href":"https:\/\/sp84.poznan.pl\/index.php\/wp-json\/wp\/v2\/posts"}],"about":[{"href":"https:\/\/sp84.poznan.pl\/index.php\/wp-json\/wp\/v2\/types\/post"}],"author":[{"embeddable":true,"href":"https:\/\/sp84.poznan.pl\/index.php\/wp-json\/wp\/v2\/users\/10"}],"replies":[{"embeddable":true,"href":"https:\/\/sp84.poznan.pl\/index.php\/wp-json\/wp\/v2\/comments?post=5650"}],"version-history":[{"count":1,"href":"https:\/\/sp84.poznan.pl\/index.php\/wp-json\/wp\/v2\/posts\/5650\/revisions"}],"predecessor-version":[{"id":5653,"href":"https:\/\/sp84.poznan.pl\/index.php\/wp-json\/wp\/v2\/posts\/5650\/revisions\/5653"}],"wp:featuredmedia":[{"embeddable":true,"href":"https:\/\/sp84.poznan.pl\/index.php\/wp-json\/wp\/v2\/media\/5651"}],"wp:attachment":[{"href":"https:\/\/sp84.poznan.pl\/index.php\/wp-json\/wp\/v2\/media?parent=5650"}],"wp:term":[{"taxonomy":"category","embeddable":true,"href":"https:\/\/sp84.poznan.pl\/index.php\/wp-json\/wp\/v2\/categories?post=5650"},{"taxonomy":"post_tag","embeddable":true,"href":"https:\/\/sp84.poznan.pl\/index.php\/wp-json\/wp\/v2\/tags?post=5650"}],"curies":[{"name":"wp","href":"https:\/\/api.w.org\/{rel}","templated":true}]}}