{"id":5785,"date":"2026-03-06T12:18:52","date_gmt":"2026-03-06T11:18:52","guid":{"rendered":"https:\/\/sp84.poznan.pl\/?p=5785"},"modified":"2026-03-06T12:24:25","modified_gmt":"2026-03-06T11:24:25","slug":"rekrutacja-na-rok-szkolny-2026-2027","status":"publish","type":"post","link":"https:\/\/sp84.poznan.pl\/index.php\/2026\/03\/06\/rekrutacja-na-rok-szkolny-2026-2027\/","title":{"rendered":"Rekrutacja na rok szkolny 2026\/2027"},"content":{"rendered":"\n<p>Rekrutacja na rok szkolny 2026\/2027 b\u0119dzie otwarta w dniach od 30 marca do 22 kwietnia 2026 r.<\/p>\n\n\n\n<p>Szczeg\u00f3\u0142owe informacje znajd\u0105 Pa\u0144stwo na stronie szko\u0142y:<\/p>\n\n\n\n<p><a href=\"https:\/\/sp84.poznan.pl\/index.php\/nabor\/\">https:\/\/sp84.poznan.pl\/index.php\/nabor\/<\/a><\/p>\n\n\n\n<p>i na stronie <a href=\"https:\/\/l.facebook.com\/l.php?u=https%3A%2F%2Fnabor.pcss.pl%2F%3Ffbclid%3DIwZXh0bgNhZW0CMTAAYnJpZBEwNjhGWVhadVJhN3B5SU9ZbHNydGMGYXBwX2lkEDIyMjAzOTE3ODgyMDA4OTIAAR7N2CxAdxcZsvn1KSKML2AMT1_GdN6nDwlo3sS7eNjPwaPGhBzrJv4iPhcITg_aem_MMJpPr0DPL-I07Y2M1j8Hw&amp;h=AT5zSaWUces7RBvA2LODDWRPKOhpnAQ65W6ZxYKYduvpdVSPl-YgARlTnLeZML1Iz1BLClTHj8zGk5culFx3HJnCEL_eOAYixhemBrFrO04fdZbDoQH5b-fW6NM96YBvgycpZFOkKT0hM4aN&amp;__tn__=-UK-R&amp;c[0]=AT6q2yIoSxFyxMmAUHmB98QEFTeLlCqi06Ij9oaXgQyvhIJINAK9ZGpjSDPTg8UQJcJXtv5XCjBfJkDVgvIU79D1B2IQog1sVG8BBWEYode18JW4sEW3e_cVoRIaBRaQuo7ye0jkSEoEEQalsnZ93S14y8VrcPb33v424d9IyftruO6MegHtejp16rAOu64zz_QF6UU8KFz-wd0zcjlpHdzleQ\" rel=\"noreferrer noopener\" target=\"_blank\">https:\/\/nabor.pcss.pl\/<\/a><\/p>\n\n\n\n<p>Informacji na temat klasy sportowej i integracyjnej udzieli sekretariat szko\u0142y.<\/p>\n\n\n<div class=\"wp-block-image\">\n<figure class=\"aligncenter size-full\"><img fetchpriority=\"high\" decoding=\"async\" width=\"509\" height=\"720\" src=\"https:\/\/sp84.poznan.pl\/wp-content\/uploads\/2026\/03\/648130721_1335679358367543_2126065155316819279_n.jpg\" alt=\"Nab\u00f3r - plakat\" class=\"wp-image-5786\" srcset=\"https:\/\/sp84.poznan.pl\/wp-content\/uploads\/2026\/03\/648130721_1335679358367543_2126065155316819279_n.jpg 509w, https:\/\/sp84.poznan.pl\/wp-content\/uploads\/2026\/03\/648130721_1335679358367543_2126065155316819279_n-212x300.jpg 212w\" sizes=\"(max-width: 509px) 100vw, 509px\" \/><\/figure>\n<\/div>","protected":false},"excerpt":{"rendered":"<p>Rekrutacja na rok szkolny 2026\/2027 b\u0119dzie otwarta w dniach od 30 marca do 22 kwietnia 2026 r. Szczeg\u00f3\u0142owe informacje znajd\u0105 Pa\u0144stwo na stronie szko\u0142y: https:\/\/sp84.poznan.pl\/index.php\/nabor\/ i na stronie https:\/\/nabor.pcss.pl\/ Informacji na temat klasy sportowej i integracyjnej udzieli sekretariat szko\u0142y.<\/p>\n","protected":false},"author":4,"featured_media":5786,"comment_status":"open","ping_status":"open","sticky":false,"template":"","format":"standard","meta":{"footnotes":""},"categories":[1],"tags":[],"class_list":["post-5785","post","type-post","status-publish","format-standard","has-post-thumbnail","hentry","category-bez-kategorii"],"gutentor_comment":0,"_links":{"self":[{"href":"https:\/\/sp84.poznan.pl\/index.php\/wp-json\/wp\/v2\/posts\/5785","targetHints":{"allow":["GET"]}}],"collection":[{"href":"https:\/\/sp84.poznan.pl\/index.php\/wp-json\/wp\/v2\/posts"}],"about":[{"href":"https:\/\/sp84.poznan.pl\/index.php\/wp-json\/wp\/v2\/types\/post"}],"author":[{"embeddable":true,"href":"https:\/\/sp84.poznan.pl\/index.php\/wp-json\/wp\/v2\/users\/4"}],"replies":[{"embeddable":true,"href":"https:\/\/sp84.poznan.pl\/index.php\/wp-json\/wp\/v2\/comments?post=5785"}],"version-history":[{"count":2,"href":"https:\/\/sp84.poznan.pl\/index.php\/wp-json\/wp\/v2\/posts\/5785\/revisions"}],"predecessor-version":[{"id":5788,"href":"https:\/\/sp84.poznan.pl\/index.php\/wp-json\/wp\/v2\/posts\/5785\/revisions\/5788"}],"wp:featuredmedia":[{"embeddable":true,"href":"https:\/\/sp84.poznan.pl\/index.php\/wp-json\/wp\/v2\/media\/5786"}],"wp:attachment":[{"href":"https:\/\/sp84.poznan.pl\/index.php\/wp-json\/wp\/v2\/media?parent=5785"}],"wp:term":[{"taxonomy":"category","embeddable":true,"href":"https:\/\/sp84.poznan.pl\/index.php\/wp-json\/wp\/v2\/categories?post=5785"},{"taxonomy":"post_tag","embeddable":true,"href":"https:\/\/sp84.poznan.pl\/index.php\/wp-json\/wp\/v2\/tags?post=5785"}],"curies":[{"name":"wp","href":"https:\/\/api.w.org\/{rel}","templated":true}]}}