{"id":6093,"date":"2026-04-29T18:07:01","date_gmt":"2026-04-29T16:07:01","guid":{"rendered":"https:\/\/sp84.poznan.pl\/?p=6093"},"modified":"2026-04-29T18:07:01","modified_gmt":"2026-04-29T16:07:01","slug":"obchody-dnia-ziemi","status":"publish","type":"post","link":"https:\/\/sp84.poznan.pl\/index.php\/2026\/04\/29\/obchody-dnia-ziemi\/","title":{"rendered":"Obchody Dnia Ziemi"},"content":{"rendered":"\n<p style=\"font-size:22px\">Uczniowie z klasy 2b w ramach projektu edukacyjnego po\u015bwi\u0119conego ekologii posadzi\u0142a drzewo na boisku szkolnym <img decoding=\"async\" height=\"16\" width=\"16\" alt=\"\ud83c\udf31\" src=\"https:\/\/static.xx.fbcdn.net\/images\/emoji.php\/v9\/t69\/1\/16\/1f331.png\"><img decoding=\"async\" height=\"16\" width=\"16\" alt=\"\ud83c\udf33\" src=\"https:\/\/static.xx.fbcdn.net\/images\/emoji.php\/v9\/t6b\/1\/16\/1f333.png\"><\/p>\n\n\n\n<p style=\"font-size:22px\">To dla nas wyj\u0105tkowe do\u015bwiadczenie i wa\u017cny krok w stron\u0119 dbania o \u015brodowisko. Ka\u017cde takie dzia\u0142anie pokazuje, \u017ce nawet ma\u0142e gesty maj\u0105 znaczenie dla naszej planety.<\/p>\n\n\n\n<p style=\"font-size:22px\">Akcja odby\u0142a si\u0119 r\u00f3wnie\u017c w ramach obchod\u00f3w Dnia Ziemi <img decoding=\"async\" height=\"16\" width=\"16\" alt=\"\ud83c\udf0d\" src=\"https:\/\/static.xx.fbcdn.net\/images\/emoji.php\/v9\/t3f\/1\/16\/1f30d.png\"> \u2013 dnia, kt\u00f3ry przypomina nam, jak wa\u017cna jest troska o natur\u0119 ka\u017cdego dnia, nie tylko od \u015bwi\u0119ta.<\/p>\n\n\n\n<p style=\"font-size:22px\">Jeste\u015bmy dumni, \u017ce mo\u017cemy wsp\u00f3lnie dzia\u0142a\u0107 na rzecz lepszej przysz\u0142o\u015bci!<\/p>\n\n\n\n<div class=\"wp-block-columns is-layout-flex wp-container-core-columns-is-layout-9d6595d7 wp-block-columns-is-layout-flex\">\n<div class=\"wp-block-column is-layout-flow wp-block-column-is-layout-flow\">\n<figure class=\"wp-block-image size-large\"><img loading=\"lazy\" decoding=\"async\" width=\"768\" height=\"1024\" src=\"https:\/\/sp84.poznan.pl\/wp-content\/uploads\/2026\/04\/678177532_1373686827900129_6955118474808976953_n-768x1024.jpg\" alt=\"Dzieci podlewaj\u0105 pod\u0142o\u017ce pod drzewko\" class=\"wp-image-6094\" srcset=\"https:\/\/sp84.poznan.pl\/wp-content\/uploads\/2026\/04\/678177532_1373686827900129_6955118474808976953_n-768x1024.jpg 768w, https:\/\/sp84.poznan.pl\/wp-content\/uploads\/2026\/04\/678177532_1373686827900129_6955118474808976953_n-225x300.jpg 225w, https:\/\/sp84.poznan.pl\/wp-content\/uploads\/2026\/04\/678177532_1373686827900129_6955118474808976953_n-1152x1536.jpg 1152w, https:\/\/sp84.poznan.pl\/wp-content\/uploads\/2026\/04\/678177532_1373686827900129_6955118474808976953_n.jpg 1536w\" sizes=\"(max-width: 768px) 100vw, 768px\" \/><\/figure>\n<\/div>\n\n\n\n<div class=\"wp-block-column is-layout-flow wp-block-column-is-layout-flow\">\n<figure class=\"wp-block-image size-full\"><img loading=\"lazy\" decoding=\"async\" width=\"720\" height=\"960\" src=\"https:\/\/sp84.poznan.pl\/wp-content\/uploads\/2026\/04\/678256323_1373686087900203_3307782209718916760_n.jpg\" alt=\"Dzieci kopi\u0105 pod\u0142o\u017ce pod drzewko\" class=\"wp-image-6095\" srcset=\"https:\/\/sp84.poznan.pl\/wp-content\/uploads\/2026\/04\/678256323_1373686087900203_3307782209718916760_n.jpg 720w, https:\/\/sp84.poznan.pl\/wp-content\/uploads\/2026\/04\/678256323_1373686087900203_3307782209718916760_n-225x300.jpg 225w\" sizes=\"(max-width: 720px) 100vw, 720px\" \/><\/figure>\n<\/div>\n\n\n\n<div class=\"wp-block-column is-layout-flow wp-block-column-is-layout-flow\">\n<figure class=\"wp-block-image size-large\"><img loading=\"lazy\" decoding=\"async\" width=\"768\" height=\"1024\" src=\"https:\/\/sp84.poznan.pl\/wp-content\/uploads\/2026\/04\/i-768x1024.jpg\" alt=\"Dzieci i pani dyrektor kopi\u0105 pod\u0142o\u017ce pod drzewko\" class=\"wp-image-6096\" srcset=\"https:\/\/sp84.poznan.pl\/wp-content\/uploads\/2026\/04\/i-768x1024.jpg 768w, https:\/\/sp84.poznan.pl\/wp-content\/uploads\/2026\/04\/i-225x300.jpg 225w, https:\/\/sp84.poznan.pl\/wp-content\/uploads\/2026\/04\/i-1152x1536.jpg 1152w, https:\/\/sp84.poznan.pl\/wp-content\/uploads\/2026\/04\/i.jpg 1536w\" sizes=\"(max-width: 768px) 100vw, 768px\" \/><\/figure>\n<\/div>\n<\/div>\n\n\n\n<div class=\"wp-block-columns is-layout-flex wp-container-core-columns-is-layout-9d6595d7 wp-block-columns-is-layout-flex\">\n<div class=\"wp-block-column is-layout-flow wp-block-column-is-layout-flow\">\n<figure class=\"wp-block-image size-large\"><img loading=\"lazy\" decoding=\"async\" width=\"1024\" height=\"768\" src=\"https:\/\/sp84.poznan.pl\/wp-content\/uploads\/2026\/04\/679360310_1373686797900132_9086625366623252830_n-1024x768.jpg\" alt=\"Wsp\u00f3lne zdj\u0119cie z drzewkiem\" class=\"wp-image-6097\" srcset=\"https:\/\/sp84.poznan.pl\/wp-content\/uploads\/2026\/04\/679360310_1373686797900132_9086625366623252830_n-1024x768.jpg 1024w, https:\/\/sp84.poznan.pl\/wp-content\/uploads\/2026\/04\/679360310_1373686797900132_9086625366623252830_n-300x225.jpg 300w, https:\/\/sp84.poznan.pl\/wp-content\/uploads\/2026\/04\/679360310_1373686797900132_9086625366623252830_n-768x576.jpg 768w, https:\/\/sp84.poznan.pl\/wp-content\/uploads\/2026\/04\/679360310_1373686797900132_9086625366623252830_n-1536x1152.jpg 1536w, https:\/\/sp84.poznan.pl\/wp-content\/uploads\/2026\/04\/679360310_1373686797900132_9086625366623252830_n.jpg 2048w\" sizes=\"(max-width: 1024px) 100vw, 1024px\" \/><\/figure>\n<\/div>\n\n\n\n<div class=\"wp-block-column is-layout-flow wp-block-column-is-layout-flow\">\n<figure class=\"wp-block-image size-large\"><img loading=\"lazy\" decoding=\"async\" width=\"768\" height=\"1024\" src=\"https:\/\/sp84.poznan.pl\/wp-content\/uploads\/2026\/04\/e-768x1024.jpg\" alt=\"Wsp\u00f3lne sadzenie drzewka \" class=\"wp-image-6098\" srcset=\"https:\/\/sp84.poznan.pl\/wp-content\/uploads\/2026\/04\/e-768x1024.jpg 768w, https:\/\/sp84.poznan.pl\/wp-content\/uploads\/2026\/04\/e-225x300.jpg 225w, https:\/\/sp84.poznan.pl\/wp-content\/uploads\/2026\/04\/e-1152x1536.jpg 1152w, https:\/\/sp84.poznan.pl\/wp-content\/uploads\/2026\/04\/e.jpg 1536w\" sizes=\"(max-width: 768px) 100vw, 768px\" \/><\/figure>\n<\/div>\n\n\n\n<div class=\"wp-block-column is-layout-flow wp-block-column-is-layout-flow\">\n<figure class=\"wp-block-image size-large\"><img loading=\"lazy\" decoding=\"async\" width=\"768\" height=\"1024\" src=\"https:\/\/sp84.poznan.pl\/wp-content\/uploads\/2026\/04\/z-768x1024.jpg\" alt=\"Zasadzone drzewko jest podlewana\" class=\"wp-image-6099\" srcset=\"https:\/\/sp84.poznan.pl\/wp-content\/uploads\/2026\/04\/z-768x1024.jpg 768w, https:\/\/sp84.poznan.pl\/wp-content\/uploads\/2026\/04\/z-225x300.jpg 225w, https:\/\/sp84.poznan.pl\/wp-content\/uploads\/2026\/04\/z-1152x1536.jpg 1152w, https:\/\/sp84.poznan.pl\/wp-content\/uploads\/2026\/04\/z.jpg 1536w\" sizes=\"(max-width: 768px) 100vw, 768px\" \/><\/figure>\n<\/div>\n<\/div>\n\n\n\n<p><\/p>\n","protected":false},"excerpt":{"rendered":"<p>Uczniowie z klasy 2b w ramach projektu edukacyjnego po\u015bwi\u0119conego ekologii posadzi\u0142a drzewo na boisku szkolnym To dla nas wyj\u0105tkowe do\u015bwiadczenie i wa\u017cny krok w stron\u0119 dbania o \u015brodowisko. Ka\u017cde takie dzia\u0142anie pokazuje, \u017ce nawet ma\u0142e gesty maj\u0105 znaczenie dla naszej planety. Akcja odby\u0142a si\u0119 r\u00f3wnie\u017c w ramach obchod\u00f3w Dnia Ziemi \u2013 dnia, kt\u00f3ry przypomina nam, [&hellip;]<\/p>\n","protected":false},"author":9,"featured_media":6097,"comment_status":"open","ping_status":"open","sticky":false,"template":"","format":"standard","meta":{"footnotes":""},"categories":[1],"tags":[],"class_list":["post-6093","post","type-post","status-publish","format-standard","has-post-thumbnail","hentry","category-bez-kategorii"],"gutentor_comment":0,"_links":{"self":[{"href":"https:\/\/sp84.poznan.pl\/index.php\/wp-json\/wp\/v2\/posts\/6093","targetHints":{"allow":["GET"]}}],"collection":[{"href":"https:\/\/sp84.poznan.pl\/index.php\/wp-json\/wp\/v2\/posts"}],"about":[{"href":"https:\/\/sp84.poznan.pl\/index.php\/wp-json\/wp\/v2\/types\/post"}],"author":[{"embeddable":true,"href":"https:\/\/sp84.poznan.pl\/index.php\/wp-json\/wp\/v2\/users\/9"}],"replies":[{"embeddable":true,"href":"https:\/\/sp84.poznan.pl\/index.php\/wp-json\/wp\/v2\/comments?post=6093"}],"version-history":[{"count":1,"href":"https:\/\/sp84.poznan.pl\/index.php\/wp-json\/wp\/v2\/posts\/6093\/revisions"}],"predecessor-version":[{"id":6100,"href":"https:\/\/sp84.poznan.pl\/index.php\/wp-json\/wp\/v2\/posts\/6093\/revisions\/6100"}],"wp:featuredmedia":[{"embeddable":true,"href":"https:\/\/sp84.poznan.pl\/index.php\/wp-json\/wp\/v2\/media\/6097"}],"wp:attachment":[{"href":"https:\/\/sp84.poznan.pl\/index.php\/wp-json\/wp\/v2\/media?parent=6093"}],"wp:term":[{"taxonomy":"category","embeddable":true,"href":"https:\/\/sp84.poznan.pl\/index.php\/wp-json\/wp\/v2\/categories?post=6093"},{"taxonomy":"post_tag","embeddable":true,"href":"https:\/\/sp84.poznan.pl\/index.php\/wp-json\/wp\/v2\/tags?post=6093"}],"curies":[{"name":"wp","href":"https:\/\/api.w.org\/{rel}","templated":true}]}}