{"id":6317,"date":"2026-09-01T13:59:27","date_gmt":"2026-09-01T11:59:27","guid":{"rendered":"https:\/\/sp84.poznan.pl\/?p=6317"},"modified":"2026-09-01T14:03:10","modified_gmt":"2026-09-01T12:03:10","slug":"rozpoczecie-roku-szkolnego-2026-2027","status":"publish","type":"post","link":"https:\/\/sp84.poznan.pl\/index.php\/2026\/09\/01\/rozpoczecie-roku-szkolnego-2026-2027\/","title":{"rendered":"Rozpocz\u0119cie roku szkolnego 2026\/2027"},"content":{"rendered":"\n<p class=\"wp-block-paragraph\">Cho\u0107 pierwszy dzie\u0144 szko\u0142y przywita\u0142 nas deszczow\u0105 aur\u0105 <img decoding=\"async\" height=\"16\" width=\"16\" alt=\"\ud83c\udf27\ufe0f\" src=\"https:\/\/static.xx.fbcdn.net\/images\/emoji.php\/v9\/td0\/1\/16\/1f327.png\">, w murach naszej szko\u0142y by\u0142o dzi\u015b naprawd\u0119 uroczy\u015bcie, rado\u015bnie i wyj\u0105tkowo!<\/p>\n\n\n\n<p class=\"wp-block-paragraph\">Po wakacyjnej przerwie uczniowie spotkali si\u0119 ze swoimi wychowawcami w klasach, by rozpocz\u0105\u0107 nowy rok pe\u0142en nauki, wyzwa\u0144, spotka\u0144 i wsp\u00f3lnych przyg\u00f3d.<\/p>\n\n\n\n<p class=\"wp-block-paragraph\">Szczeg\u00f3lnie wa\u017cny by\u0142 to dzie\u0144 dla naszych pierwszoklasist\u00f3w!<\/p>\n\n\n\n<p class=\"wp-block-paragraph\">W szkolnej auli odby\u0142o si\u0119 uroczyste pasowanie na ucznia oraz \u015blubowanie. By\u0142y emocje, powaga chwili i oczywi\u015bcie symboliczne przyj\u0119cie najm\u0142odszych uczni\u00f3w do naszej szkolnej spo\u0142eczno\u015bci. <img decoding=\"async\" height=\"16\" width=\"16\" alt=\"\ud83c\udf93\" src=\"https:\/\/static.xx.fbcdn.net\/images\/emoji.php\/v9\/t25\/1\/16\/1f393.png\"><\/p>\n\n\n\n<p class=\"wp-block-paragraph\">A pani dyrektor Aleksandra Stachowska si\u0119gn\u0119\u0142a dzi\u015b po swoj\u0105\u2026 historyczn\u0105 kredk\u0119 <img decoding=\"async\" height=\"16\" width=\"16\" alt=\"\u270f\ufe0f\" src=\"https:\/\/static.xx.fbcdn.net\/images\/emoji.php\/v9\/te4\/1\/16\/270f.png\"><img loading=\"lazy\" decoding=\"async\" height=\"16\" width=\"16\" alt=\"\ud83d\ude09\" src=\"https:\/\/static.xx.fbcdn.net\/images\/emoji.php\/v9\/t57\/1\/16\/1f609.png\">, aby dokona\u0107 uroczystego pasowania na ucznia. Ten moment z pewno\u015bci\u0105 na d\u0142ugo pozostanie w pami\u0119ci naszych pierwszoklasist\u00f3w!<\/p>\n\n\n\n<p class=\"wp-block-paragraph\">Kochani Uczniowie \u2014 \u017cyczymy Wam, aby ten rok szkolny by\u0142 pe\u0142en sukces\u00f3w, ciekawych odkry\u0107, dobrych ocen, przyja\u017ani i powod\u00f3w do dumy!<\/p>\n\n\n\n<p class=\"wp-block-paragraph\">A naszym Pierwszoklasistom \u017cyczymy, aby ka\u017cdy dzie\u0144 w szkole by\u0142 dla Was pi\u0119kn\u0105, niezapomnian\u0105 przygod\u0105! <img loading=\"lazy\" decoding=\"async\" height=\"16\" width=\"16\" alt=\"\u2764\ufe0f\" src=\"https:\/\/static.xx.fbcdn.net\/images\/emoji.php\/v9\/t6c\/1\/16\/2764.png\"><\/p>\n\n\n\n<p class=\"wp-block-paragraph\">Witajcie w roku szkolnym 2026\/2027! <img loading=\"lazy\" decoding=\"async\" height=\"16\" width=\"16\" alt=\"\ud83c\udfeb\" src=\"https:\/\/static.xx.fbcdn.net\/images\/emoji.php\/v9\/t28\/1\/16\/1f3eb.png\"><img loading=\"lazy\" decoding=\"async\" height=\"16\" width=\"16\" alt=\"\ud83d\udcd6\" src=\"https:\/\/static.xx.fbcdn.net\/images\/emoji.php\/v9\/t9e\/1\/16\/1f4d6.png\"><img decoding=\"async\" height=\"16\" width=\"16\" alt=\"\u270f\ufe0f\" src=\"https:\/\/static.xx.fbcdn.net\/images\/emoji.php\/v9\/te4\/1\/16\/270f.png\"><\/p>\n\n\n<div class=\"wp-block-image\">\n<figure class=\"aligncenter size-large\"><img loading=\"lazy\" decoding=\"async\" width=\"792\" height=\"1024\" src=\"https:\/\/sp84.poznan.pl\/wp-content\/uploads\/2026\/09\/IMG_1364-792x1024.jpeg\" alt=\"\" class=\"wp-image-6311\" srcset=\"https:\/\/sp84.poznan.pl\/wp-content\/uploads\/2026\/09\/IMG_1364-792x1024.jpeg 792w, https:\/\/sp84.poznan.pl\/wp-content\/uploads\/2026\/09\/IMG_1364-232x300.jpeg 232w, https:\/\/sp84.poznan.pl\/wp-content\/uploads\/2026\/09\/IMG_1364-768x993.jpeg 768w, https:\/\/sp84.poznan.pl\/wp-content\/uploads\/2026\/09\/IMG_1364-1188x1536.jpeg 1188w, https:\/\/sp84.poznan.pl\/wp-content\/uploads\/2026\/09\/IMG_1364-1584x2048.jpeg 1584w, https:\/\/sp84.poznan.pl\/wp-content\/uploads\/2026\/09\/IMG_1364-scaled.jpeg 1980w\" sizes=\"(max-width: 792px) 100vw, 792px\" \/><\/figure>\n<\/div>\n\n\n<figure class=\"wp-block-image size-large\"><img loading=\"lazy\" decoding=\"async\" width=\"1024\" height=\"575\" src=\"https:\/\/sp84.poznan.pl\/wp-content\/uploads\/2026\/09\/IMG_1367-1024x575.png\" alt=\"\" class=\"wp-image-6312\" srcset=\"https:\/\/sp84.poznan.pl\/wp-content\/uploads\/2026\/09\/IMG_1367-1024x575.png 1024w, https:\/\/sp84.poznan.pl\/wp-content\/uploads\/2026\/09\/IMG_1367-300x169.png 300w, https:\/\/sp84.poznan.pl\/wp-content\/uploads\/2026\/09\/IMG_1367-768x432.png 768w, https:\/\/sp84.poznan.pl\/wp-content\/uploads\/2026\/09\/IMG_1367-1536x863.png 1536w, https:\/\/sp84.poznan.pl\/wp-content\/uploads\/2026\/09\/IMG_1367.png 1673w\" sizes=\"(max-width: 1024px) 100vw, 1024px\" \/><\/figure>\n\n\n<div class=\"wp-block-image\">\n<figure class=\"aligncenter size-large\"><img loading=\"lazy\" decoding=\"async\" width=\"1024\" height=\"576\" src=\"https:\/\/sp84.poznan.pl\/wp-content\/uploads\/2026\/09\/IMG_1368-1024x576.png\" alt=\"\" class=\"wp-image-6313\" srcset=\"https:\/\/sp84.poznan.pl\/wp-content\/uploads\/2026\/09\/IMG_1368-1024x576.png 1024w, https:\/\/sp84.poznan.pl\/wp-content\/uploads\/2026\/09\/IMG_1368-300x169.png 300w, https:\/\/sp84.poznan.pl\/wp-content\/uploads\/2026\/09\/IMG_1368-768x432.png 768w, https:\/\/sp84.poznan.pl\/wp-content\/uploads\/2026\/09\/IMG_1368-1536x864.png 1536w, https:\/\/sp84.poznan.pl\/wp-content\/uploads\/2026\/09\/IMG_1368.png 1672w\" sizes=\"(max-width: 1024px) 100vw, 1024px\" \/><\/figure>\n<\/div>\n\n<div class=\"wp-block-image\">\n<figure class=\"aligncenter size-large\"><img loading=\"lazy\" decoding=\"async\" width=\"1024\" height=\"576\" src=\"https:\/\/sp84.poznan.pl\/wp-content\/uploads\/2026\/09\/IMG_1369-1024x576.png\" alt=\"\" class=\"wp-image-6314\" srcset=\"https:\/\/sp84.poznan.pl\/wp-content\/uploads\/2026\/09\/IMG_1369-1024x576.png 1024w, https:\/\/sp84.poznan.pl\/wp-content\/uploads\/2026\/09\/IMG_1369-300x169.png 300w, https:\/\/sp84.poznan.pl\/wp-content\/uploads\/2026\/09\/IMG_1369-768x432.png 768w, https:\/\/sp84.poznan.pl\/wp-content\/uploads\/2026\/09\/IMG_1369-1536x864.png 1536w, https:\/\/sp84.poznan.pl\/wp-content\/uploads\/2026\/09\/IMG_1369.png 1672w\" sizes=\"(max-width: 1024px) 100vw, 1024px\" \/><\/figure>\n<\/div>\n\n<div class=\"wp-block-image\">\n<figure class=\"aligncenter size-large\"><img loading=\"lazy\" decoding=\"async\" width=\"1024\" height=\"768\" src=\"https:\/\/sp84.poznan.pl\/wp-content\/uploads\/2026\/09\/IMG_1370-1024x768.png\" alt=\"\" class=\"wp-image-6315\" srcset=\"https:\/\/sp84.poznan.pl\/wp-content\/uploads\/2026\/09\/IMG_1370-1024x768.png 1024w, https:\/\/sp84.poznan.pl\/wp-content\/uploads\/2026\/09\/IMG_1370-300x225.png 300w, https:\/\/sp84.poznan.pl\/wp-content\/uploads\/2026\/09\/IMG_1370-768x576.png 768w, https:\/\/sp84.poznan.pl\/wp-content\/uploads\/2026\/09\/IMG_1370.png 1448w\" sizes=\"(max-width: 1024px) 100vw, 1024px\" \/><\/figure>\n<\/div>\n\n<div class=\"wp-block-image\">\n<figure class=\"aligncenter size-large\"><img loading=\"lazy\" decoding=\"async\" width=\"576\" height=\"1024\" src=\"https:\/\/sp84.poznan.pl\/wp-content\/uploads\/2026\/09\/IMG_1371-576x1024.png\" alt=\"\" class=\"wp-image-6316\" srcset=\"https:\/\/sp84.poznan.pl\/wp-content\/uploads\/2026\/09\/IMG_1371-576x1024.png 576w, https:\/\/sp84.poznan.pl\/wp-content\/uploads\/2026\/09\/IMG_1371-169x300.png 169w, https:\/\/sp84.poznan.pl\/wp-content\/uploads\/2026\/09\/IMG_1371-768x1365.png 768w, https:\/\/sp84.poznan.pl\/wp-content\/uploads\/2026\/09\/IMG_1371-864x1536.png 864w, https:\/\/sp84.poznan.pl\/wp-content\/uploads\/2026\/09\/IMG_1371.png 941w\" sizes=\"(max-width: 576px) 100vw, 576px\" \/><\/figure>\n<\/div>","protected":false},"excerpt":{"rendered":"<p>Cho\u0107 pierwszy dzie\u0144 szko\u0142y przywita\u0142 nas deszczow\u0105 aur\u0105 , w murach naszej szko\u0142y by\u0142o dzi\u015b naprawd\u0119 uroczy\u015bcie, rado\u015bnie i wyj\u0105tkowo! Po wakacyjnej przerwie uczniowie spotkali si\u0119 ze swoimi wychowawcami w klasach, by rozpocz\u0105\u0107 nowy rok pe\u0142en nauki, wyzwa\u0144, spotka\u0144 i wsp\u00f3lnych przyg\u00f3d. Szczeg\u00f3lnie wa\u017cny by\u0142 to dzie\u0144 dla naszych pierwszoklasist\u00f3w! W szkolnej auli odby\u0142o si\u0119 [&hellip;]<\/p>\n","protected":false},"author":4,"featured_media":6311,"comment_status":"open","ping_status":"open","sticky":false,"template":"","format":"standard","meta":{"footnotes":""},"categories":[1],"tags":[],"class_list":["post-6317","post","type-post","status-publish","format-standard","has-post-thumbnail","hentry","category-bez-kategorii"],"gutentor_comment":0,"_links":{"self":[{"href":"https:\/\/sp84.poznan.pl\/index.php\/wp-json\/wp\/v2\/posts\/6317","targetHints":{"allow":["GET"]}}],"collection":[{"href":"https:\/\/sp84.poznan.pl\/index.php\/wp-json\/wp\/v2\/posts"}],"about":[{"href":"https:\/\/sp84.poznan.pl\/index.php\/wp-json\/wp\/v2\/types\/post"}],"author":[{"embeddable":true,"href":"https:\/\/sp84.poznan.pl\/index.php\/wp-json\/wp\/v2\/users\/4"}],"replies":[{"embeddable":true,"href":"https:\/\/sp84.poznan.pl\/index.php\/wp-json\/wp\/v2\/comments?post=6317"}],"version-history":[{"count":3,"href":"https:\/\/sp84.poznan.pl\/index.php\/wp-json\/wp\/v2\/posts\/6317\/revisions"}],"predecessor-version":[{"id":6320,"href":"https:\/\/sp84.poznan.pl\/index.php\/wp-json\/wp\/v2\/posts\/6317\/revisions\/6320"}],"wp:attachment":[{"href":"https:\/\/sp84.poznan.pl\/index.php\/wp-json\/wp\/v2\/media?parent=6317"}],"wp:term":[{"taxonomy":"category","embeddable":true,"href":"https:\/\/sp84.poznan.pl\/index.php\/wp-json\/wp\/v2\/categories?post=6317"},{"taxonomy":"post_tag","embeddable":true,"href":"https:\/\/sp84.poznan.pl\/index.php\/wp-json\/wp\/v2\/tags?post=6317"}],"curies":[{"name":"wp","href":"https:\/\/api.w.org\/{rel}","templated":true}]}}